{"entity":{"iso2":null,"iso3":null,"name":"Regi\u00e3o Aut\u00f3noma dos A\u00e7ores","slug":"regiao-autonoma-dos-acores"},"indicator":{"licence":"CC BY 4.0 (Eurostat)","slug":"infant-mortality-by-nuts-2-region","source":"Eurostat","source_url":"https://ec.europa.eu/eurostat/databrowser/view/demo_r_minf","title":"Infant mortality by NUTS 2 region","unit":"Number"},"observations":[{"date":"1990-01-01","value":55.0},{"date":"1991-01-01","value":51.0},{"date":"1992-01-01","value":60.0},{"date":"1993-01-01","value":40.0},{"date":"1994-01-01","value":30.0},{"date":"1995-01-01","value":31.0},{"date":"1996-01-01","value":28.0},{"date":"1997-01-01","value":37.0},{"date":"1998-01-01","value":17.0},{"date":"1999-01-01","value":32.0},{"date":"2000-01-01","value":28.0},{"date":"2001-01-01","value":16.0},{"date":"2002-01-01","value":20.0},{"date":"2003-01-01","value":9.0},{"date":"2004-01-01","value":18.0},{"date":"2005-01-01","value":19.0},{"date":"2006-01-01","value":11.0},{"date":"2007-01-01","value":9.0},{"date":"2008-01-01","value":13.0},{"date":"2009-01-01","value":15.0},{"date":"2010-01-01","value":15.0},{"date":"2011-01-01","value":8.0},{"date":"2012-01-01","value":15.0},{"date":"2013-01-01","value":11.0},{"date":"2014-01-01","value":8.0},{"date":"2015-01-01","value":10.0},{"date":"2016-01-01","value":4.0},{"date":"2017-01-01","value":5.0},{"date":"2018-01-01","value":9.0},{"date":"2019-01-01","value":5.0},{"date":"2020-01-01","value":10.0},{"date":"2021-01-01","value":5.0},{"date":"2022-01-01","value":6.0},{"date":"2023-01-01","value":6.0},{"date":"2024-01-01","value":9.0}],"summary":{"latest_period":"2024-01-01","latest_value":9.0,"max":60.0,"mean":19.0,"min":4.0,"of":431,"rank":403,"trend":"volatile"}}
